{"id":4957,"date":"2023-06-08T22:33:45","date_gmt":"2023-06-09T01:33:45","guid":{"rendered":"https:\/\/www.iesmb.edu.ar\/bel\/?p=4957"},"modified":"2023-06-17T10:07:38","modified_gmt":"2023-06-17T13:07:38","slug":"miradas-sexta-edicion","status":"publish","type":"post","link":"https:\/\/www.iesmb.edu.ar\/bel\/miradas-sexta-edicion\/","title":{"rendered":"Miradas sexta edici\u00f3n"},"content":{"rendered":"\n<meta itemprop=\"url\" content=\"https:\/\/www.iesmb.edu.ar\/bel\/wp-content\/uploads\/2023\/06\/VID-20230617-WA0003.mp4\"><div style=\"width: 640px;\" class=\"wp-video\"><video class=\"wp-video-shortcode\" id=\"video-4957-1\" width=\"640\" height=\"360\" preload=\"metadata\" controls=\"controls\"><source type=\"video\/mp4\" src=\"https:\/\/www.iesmb.edu.ar\/bel\/wp-content\/uploads\/2023\/06\/VID-20230617-WA0003.mp4?_=1\" \/><a href=\"https:\/\/www.iesmb.edu.ar\/bel\/wp-content\/uploads\/2023\/06\/VID-20230617-WA0003.mp4\">https:\/\/www.iesmb.edu.ar\/bel\/wp-content\/uploads\/2023\/06\/VID-20230617-WA0003.mp4<\/a><\/video><\/div>\n\t<h3>\u00a1SE VIENE MIRADAS 2023, su sexta Edici\u00f3n!<\/h3>\n<p>Y nos hace muy felices invitarlos este evento que se llevar\u00e1 a cabo en La Casa de la Cultura y La memoria en Godoy Cruza el s\u00e1bado 17 de junio a las 16hs. (Lavalle 88)<\/p>\n<p>Queremos que se unan a esta experiencia en un d\u00eda que ser\u00e1 lleno de inspiraci\u00f3n y aprendizaje, donde podr\u00e1n disfrutar de las extraordinarias obras de los talentosos estudiantes y egresados \u200b\u200bde todas las carreras que ofrece nuestro instituto. Cada imagen expuesta cuenta una historia \u00fanica que refleja el talento y la creatividad de los que se animan mostrar su mirada.<\/p>\n<p>Adem\u00e1s, tendr\u00e1n la oportunidad de participar en charlas y debates que surgir\u00e1n dela misma muestra de fotograf\u00eda, aprender\u00e1n de sus experiencias, consejos y t\u00e9cnicas, descubriendo los secretos detr\u00e1s de las im\u00e1genes m\u00e1s impactantes.<\/p>\n<p>Como reconocimiento a su dedicaci\u00f3n y esfuerzo, se entregar\u00e1n certificados de participaci\u00f3n a todos los expositores. Es un momento para destacar su talento y celebrar su contribuci\u00f3n al mundo de la fotograf\u00eda.<\/p>\n<p>Para cerrar este evento especial, nos reuniremos en un brindis final, donde podremos celebrar el talento y el arte que nos une. Ser\u00e1 una oportunidad para establecer conexiones, intercambiar ideas y reflexionar sobre los momentos capturados en nuestras fotograf\u00edas.<\/p>\n<p>Marquen la fecha en sus calendarios y acomp\u00e1\u00f1enos en la Muestra Anual de Fotograf\u00edas Miradas del Instituto Manuel Belgrano organiza por el Prof. Orlando Pelichotti y la Prof. Yanina Aravena.<\/p>\n<p>Inviten a sus amigos y a todos aquellos que compartan nuestra pasi\u00f3n por este arte. Gracias @diegogareca y @godoycruz por el espacio<\/p>\n<p>#MuestraMiradas2023 #ArteFotogr\u00e1fico #InstitutoManuelBelgrano #belgranosomos #\u00e1readeextensi\u00f3n #dise\u00f1omultimedia #dise\u00f1ogr\u00e1fico #illustrator #dise\u00f1odeindumentaria #computacionyredes #creatividad #desarrollodesoftware #educacionpublica #iesmb9008 #espaciomaximoarias<\/p>\n","protected":false},"excerpt":{"rendered":"<p>\u00a1SE VIENE MIRADAS 2023, su sexta Edici\u00f3n! Y nos hace muy felices invitarlos este evento que se llevar\u00e1 a cabo en La Casa de la Cultura y La memoria en Godoy Cruza el s\u00e1bado 17 de junio a las 16hs. (Lavalle 88) Queremos que se unan a esta experiencia en un d\u00eda que ser\u00e1 lleno &hellip;<\/p>\n<p class=\"read-more\"> <a class=\"\" href=\"https:\/\/www.iesmb.edu.ar\/bel\/miradas-sexta-edicion\/\"> <span class=\"screen-reader-text\">Miradas sexta edici\u00f3n<\/span> Leer m\u00e1s &raquo;<\/a><\/p>\n","protected":false},"author":1,"featured_media":5051,"comment_status":"closed","ping_status":"closed","sticky":false,"template":"","format":"standard","meta":{"footnotes":""},"categories":[1],"tags":[],"class_list":["post-4957","post","type-post","status-publish","format-standard","has-post-thumbnail","hentry","category-sin-categoria"],"_links":{"self":[{"href":"https:\/\/www.iesmb.edu.ar\/bel\/wp-json\/wp\/v2\/posts\/4957","targetHints":{"allow":["GET"]}}],"collection":[{"href":"https:\/\/www.iesmb.edu.ar\/bel\/wp-json\/wp\/v2\/posts"}],"about":[{"href":"https:\/\/www.iesmb.edu.ar\/bel\/wp-json\/wp\/v2\/types\/post"}],"author":[{"embeddable":true,"href":"https:\/\/www.iesmb.edu.ar\/bel\/wp-json\/wp\/v2\/users\/1"}],"replies":[{"embeddable":true,"href":"https:\/\/www.iesmb.edu.ar\/bel\/wp-json\/wp\/v2\/comments?post=4957"}],"version-history":[{"count":4,"href":"https:\/\/www.iesmb.edu.ar\/bel\/wp-json\/wp\/v2\/posts\/4957\/revisions"}],"predecessor-version":[{"id":5052,"href":"https:\/\/www.iesmb.edu.ar\/bel\/wp-json\/wp\/v2\/posts\/4957\/revisions\/5052"}],"wp:featuredmedia":[{"embeddable":true,"href":"https:\/\/www.iesmb.edu.ar\/bel\/wp-json\/wp\/v2\/media\/5051"}],"wp:attachment":[{"href":"https:\/\/www.iesmb.edu.ar\/bel\/wp-json\/wp\/v2\/media?parent=4957"}],"wp:term":[{"taxonomy":"category","embeddable":true,"href":"https:\/\/www.iesmb.edu.ar\/bel\/wp-json\/wp\/v2\/categories?post=4957"},{"taxonomy":"post_tag","embeddable":true,"href":"https:\/\/www.iesmb.edu.ar\/bel\/wp-json\/wp\/v2\/tags?post=4957"}],"curies":[{"name":"wp","href":"https:\/\/api.w.org\/{rel}","templated":true}]}}