{"id":4869,"date":"2023-05-10T13:06:05","date_gmt":"2023-05-10T16:06:05","guid":{"rendered":"https:\/\/www.iesmb.edu.ar\/bel\/?p=4869"},"modified":"2023-05-10T13:06:05","modified_gmt":"2023-05-10T16:06:05","slug":"miradas-sexta-edicion-2023","status":"publish","type":"post","link":"https:\/\/www.iesmb.edu.ar\/bel\/miradas-sexta-edicion-2023\/","title":{"rendered":"Miradas:  Sexta Edici\u00f3n 2023"},"content":{"rendered":"\n\n\t<h3>\u00a1Atenci\u00f3n comunidad del IES 9-008 Manuel Belgrano de Mendoza!<\/h3>\n<p>Se acerca la muestra anual de fotograf\u00eda <strong>&#8220;MIRADAS, sexta Edici\u00f3n&#8221;<\/strong>, donde podr\u00e1s demostrar tu creatividad y talento en el arte de la fotograf\u00eda. \u00a1No te quedes afuera!<\/p>\n<p>La convocatoria est\u00e1 abierta a todos los alumnos y egresados \u200b\u200bde nuestro instituto. El tema es libre, sin juzgamientos, tambi\u00e9n se entregar\u00e1n certificados de participaci\u00f3n durante la presentaci\u00f3n y podr\u00e1s presentar hasta 3 obras digitales en calidad media a alta. El autor de la obra deber\u00e1 ser el \u00fanico propietario de los derechos de autor de la misma.<\/p>\n<p>La muestra proyectiva se llevar\u00e1 a cabo el <strong>17 de junio del 2023, en el Espacio de Fotograf\u00eda M\u00e1ximo Arias de Mendoza<\/strong> y durante la misma se desarrollar\u00e1n charlas, debates, entrega de certificados de participaci\u00f3n y un brindis final.<\/p>\n<p>La recepci\u00f3n de tus obras ser\u00e1 al siguiente correo electr\u00f3nico: <a href=\"mailto:jopelichotti@gmail.com\">jopelichotti@gmail.com<\/a> hasta el 07 de junio del corriente a\u00f1o. Agregar en el encabezado el nombre del autor, DNI y el nombre del Instituto.<\/p>\n<p><strong>\u00a1An\u00edmate y muestra tu pasi\u00f3n por la fotograf\u00eda!<\/strong><\/p>\n\n","protected":false},"excerpt":{"rendered":"<p>\u00a1Atenci\u00f3n comunidad del IES 9-008 Manuel Belgrano de Mendoza! Se acerca la muestra anual de fotograf\u00eda &#8220;MIRADAS, sexta Edici\u00f3n&#8221;, donde podr\u00e1s demostrar tu creatividad y talento en el arte de la fotograf\u00eda. \u00a1No te quedes afuera! La convocatoria est\u00e1 abierta a todos los alumnos y egresados \u200b\u200bde nuestro instituto. El tema es libre, sin juzgamientos, &hellip;<\/p>\n<p class=\"read-more\"> <a class=\"\" href=\"https:\/\/www.iesmb.edu.ar\/bel\/miradas-sexta-edicion-2023\/\"> <span class=\"screen-reader-text\">Miradas:  Sexta Edici\u00f3n 2023<\/span> Leer m\u00e1s &raquo;<\/a><\/p>\n","protected":false},"author":1,"featured_media":4870,"comment_status":"closed","ping_status":"closed","sticky":false,"template":"","format":"standard","meta":{"footnotes":""},"categories":[11,1],"tags":[],"class_list":["post-4869","post","type-post","status-publish","format-standard","has-post-thumbnail","hentry","category-fotografia","category-sin-categoria"],"_links":{"self":[{"href":"https:\/\/www.iesmb.edu.ar\/bel\/wp-json\/wp\/v2\/posts\/4869","targetHints":{"allow":["GET"]}}],"collection":[{"href":"https:\/\/www.iesmb.edu.ar\/bel\/wp-json\/wp\/v2\/posts"}],"about":[{"href":"https:\/\/www.iesmb.edu.ar\/bel\/wp-json\/wp\/v2\/types\/post"}],"author":[{"embeddable":true,"href":"https:\/\/www.iesmb.edu.ar\/bel\/wp-json\/wp\/v2\/users\/1"}],"replies":[{"embeddable":true,"href":"https:\/\/www.iesmb.edu.ar\/bel\/wp-json\/wp\/v2\/comments?post=4869"}],"version-history":[{"count":2,"href":"https:\/\/www.iesmb.edu.ar\/bel\/wp-json\/wp\/v2\/posts\/4869\/revisions"}],"predecessor-version":[{"id":4872,"href":"https:\/\/www.iesmb.edu.ar\/bel\/wp-json\/wp\/v2\/posts\/4869\/revisions\/4872"}],"wp:featuredmedia":[{"embeddable":true,"href":"https:\/\/www.iesmb.edu.ar\/bel\/wp-json\/wp\/v2\/media\/4870"}],"wp:attachment":[{"href":"https:\/\/www.iesmb.edu.ar\/bel\/wp-json\/wp\/v2\/media?parent=4869"}],"wp:term":[{"taxonomy":"category","embeddable":true,"href":"https:\/\/www.iesmb.edu.ar\/bel\/wp-json\/wp\/v2\/categories?post=4869"},{"taxonomy":"post_tag","embeddable":true,"href":"https:\/\/www.iesmb.edu.ar\/bel\/wp-json\/wp\/v2\/tags?post=4869"}],"curies":[{"name":"wp","href":"https:\/\/api.w.org\/{rel}","templated":true}]}}